{"id":307934,"date":"2022-11-01T17:12:27","date_gmt":"2022-11-01T17:12:27","guid":{"rendered":"https:\/\/www.nahrungsmittel-intoleranz.com\/horned-cow-is-milk-from-cows-with-horns-healthier-and-less-allergenic\/"},"modified":"2024-01-27T06:51:39","modified_gmt":"2024-01-27T06:51:39","slug":"horned-cow-is-milk-from-cows-with-horns-healthier-and-less-allergenic","status":"publish","type":"post","link":"https:\/\/www.nahrungsmittel-intoleranz.com\/en\/horned-cow-is-milk-from-cows-with-horns-healthier-and-less-allergenic\/","title":{"rendered":"Horned cow: Is milk from cows with horns healthier and less allergenic?"},"content":{"rendered":"\n<p>Milk from cows with horns is said to be less allergenic and better tolerated by <a href=\"https:\/\/www.nahrungsmittel-intoleranz.com\/en\/what-is-lactose-intolerance\/\" target=\"_blank\" rel=\"noreferrer noopener\">lactose intolerant<\/a> people. That&#8217;s the information you keep reading online. Some processors have now <a href=\"https:\/\/www.bregenzerwald.at\/geschichte\/braucht-der-kaese-hoerner\/\" target=\"_blank\" rel=\"noreferrer noopener\">specialized<\/a> in <a href=\"https:\/\/www.bregenzerwald.at\/geschichte\/braucht-der-kaese-hoerner\/\" target=\"_blank\" rel=\"noreferrer noopener\">products from horned cows<\/a>, precisely because they are healthier. But is that the case?<\/p>\n\n<h1 class=\"wp-block-heading\" id=\"h-das-horn-der-kuh\">The cow&#8217;s horn<\/h1>\n\n<p>Cows have horns. Or had. Because almost all the cows you meet today, even on organic pastures, no longer have horns. However, the horns have not been bred out, but are burned out of the young animals with branding irons. Usually without anesthesia. Anyone who has ever seen this, especially heard and seen the screaming of the calves and witnessed how these poor creatures have to vomit in pain, will never get rid of this image.  <\/p>\n\n<p>However, we now know from behavioral biology that horns are very important for cows. They serve as a kind of &#8220;hands&#8221;. They are used to scratch, dig up the ground and sometimes even manipulate the locking mechanisms of fences. Cows are very skillful with their horns. Taking these horns away from them is cruel. But why do you do that?<\/p>\n\n<figure class=\"wp-block-image size-large\"><img decoding=\"async\" width=\"1024\" height=\"683\" src=\"https:\/\/www.nahrungsmittel-intoleranz.com\/wp-content\/uploads\/\/daniel-quiceno-kuehe-unsplash-1024x683.jpg\" alt=\"Cows without horns on a pasture\" class=\"wp-image-293450\" srcset=\"https:\/\/www.nahrungsmittel-intoleranz.com\/wp-content\/uploads\/daniel-quiceno-kuehe-unsplash-1024x683.jpg 1024w, https:\/\/www.nahrungsmittel-intoleranz.com\/wp-content\/uploads\/daniel-quiceno-kuehe-unsplash-300x200.jpg 300w, https:\/\/www.nahrungsmittel-intoleranz.com\/wp-content\/uploads\/daniel-quiceno-kuehe-unsplash-768x512.jpg 768w, https:\/\/www.nahrungsmittel-intoleranz.com\/wp-content\/uploads\/daniel-quiceno-kuehe-unsplash-1536x1024.jpg 1536w, https:\/\/www.nahrungsmittel-intoleranz.com\/wp-content\/uploads\/daniel-quiceno-kuehe-unsplash-2048x1365.jpg 2048w\" sizes=\"(max-width: 1024px) 100vw, 1024px\" \/><figcaption>Cows without horns. Image: <a href=\"https:\/\/unsplash.com\/@daquima23?utm_source=unsplash&amp;utm_medium=referral&amp;utm_content=creditCopyText\">Daniel Quiceno M<\/a> on <a href=\"https:\/\/unsplash.com\/s\/photos\/cow?utm_source=unsplash&amp;utm_medium=referral&amp;utm_content=creditCopyText\">Unsplash<\/a><\/figcaption><\/figure>\n\n<h1 class=\"wp-block-heading\" id=\"h-warum-muss-das-horn-weg\">Why does the horn have to go?<\/h1>\n\n<p>It&#8217;s actually quite simple: a dairy farmer used to have 10-30 cows. Today he either doesn&#8217;t have any more because it&#8217;s not profitable, or he has to have 50 to 100 animals. The barn remains the same. This means less space per cow. This confinement causes stress and aggression, and the cows injure each other with kicks and horns. The latter can be taken away from them. You can think for yourselves how sensible that is. The fact is: cows with horns are happier than horn-amputated cows.  <\/p>\n\n<h1 class=\"wp-block-heading\" id=\"h-doch-was-hat-das-mit-milch-zu-tun\">But what does this have to do with milk?<\/h1>\n\n<p>The <a href=\"https:\/\/www.demeter.de\/aktuell\/hornkuh-ist-online\" target=\"_blank\" rel=\"noreferrer noopener\">Demeter Society <\/a>once claimed that milk from cows with horns is less allergenic and better tolerated by lactose intolerant people. These statements are based on a doctoral thesis that would not stand up to scientific discussion, as <a href=\"https:\/\/www.medizin-transparent.at\/milch-enthornte-kuh\/\" target=\"_blank\" rel=\"noreferrer noopener\">medizintransparent was able to demonstrate in detail<\/a>.<\/p>\n\n<p>According to this study, the protein beta-lactoglobulin is found to a lesser extent in horn-bearing cows. Even if the study design is questionable, let&#8217;s assume it is correct and confirmed in a second study. The milk would still be allergenic, as the protein is still present, albeit in smaller quantities. Medizintranspararent has summarized this well: &#8220;The author has not investigated whether milk-allergic people actually react with fewer complaints to one of the two types of milk. Her claims are therefore pure speculation.&#8221;<\/p>\n\n<p>It should therefore be noted that there is no reason to believe that milk from horned cows is less allergenic or better tolerated than milk from dehorned cows. Incidentally, the lactose content is exactly the same in both cows.<\/p>\n\n<h2 class=\"wp-block-heading\">Conclusion<\/h2>\n\n<p>Should cows be dehorned? No! But for reasons of animal ethics, not for health reasons. If you have the opportunity to buy dairy products from horn-bearing cows, e.g. the horn cheese linked in the first paragraph, should you do so? Yes! But again, not for health reasons, but for ethical reasons.<\/p>\n\n<p><strong>By the way: <\/strong>There is a whole range of delicious vegan milk alternatives available today that are ideal for lactose-intolerant people. Coconut, soy or oats. The range is huge, just give it a try. The calves will thank you for it.<\/p>\n\n<figure class=\"wp-block-image size-large\"><img decoding=\"async\" width=\"1024\" height=\"683\" src=\"https:\/\/www.nahrungsmittel-intoleranz.com\/wp-content\/uploads\/\/claudio-schwarz-kuhmithorn-unsplash-1024x683.jpg\" alt=\"Cow with horns on a mountain pasture\" class=\"wp-image-293453\" srcset=\"https:\/\/www.nahrungsmittel-intoleranz.com\/wp-content\/uploads\/claudio-schwarz-kuhmithorn-unsplash-1024x683.jpg 1024w, https:\/\/www.nahrungsmittel-intoleranz.com\/wp-content\/uploads\/claudio-schwarz-kuhmithorn-unsplash-300x200.jpg 300w, https:\/\/www.nahrungsmittel-intoleranz.com\/wp-content\/uploads\/claudio-schwarz-kuhmithorn-unsplash-768x512.jpg 768w, https:\/\/www.nahrungsmittel-intoleranz.com\/wp-content\/uploads\/claudio-schwarz-kuhmithorn-unsplash-1536x1024.jpg 1536w, https:\/\/www.nahrungsmittel-intoleranz.com\/wp-content\/uploads\/claudio-schwarz-kuhmithorn-unsplash-2048x1365.jpg 2048w\" sizes=\"(max-width: 1024px) 100vw, 1024px\" \/><figcaption>A cow with horns. Photo by <a href=\"https:\/\/unsplash.com\/@purzlbaum?utm_source=unsplash&amp;utm_medium=referral&amp;utm_content=creditCopyText\">Claudio Schwarz<\/a> on <a href=\"https:\/\/unsplash.com\/s\/photos\/cow?utm_source=unsplash&amp;utm_medium=referral&amp;utm_content=creditCopyText\">Unsplash<\/a><\/figcaption><\/figure>\n","protected":false},"excerpt":{"rendered":"<p>Milk from cows with horns is said to be less allergenic and better tolerated by lactose intolerant people. That&#8217;s the information you keep reading online. Some processors have now specialized in products from horned cows, precisely because they are healthier. But is that the case? The cow&#8217;s horn Cows have horns. Or had. Because almost [&hellip;]<\/p>\n","protected":false},"author":2,"featured_media":307698,"comment_status":"closed","ping_status":"closed","sticky":false,"template":"","format":"standard","meta":{"_lmt_disableupdate":"","_lmt_disable":"","wprm-recipe-roundup-name":"","wprm-recipe-roundup-description":"","footnotes":""},"categories":[188,190],"tags":[227,229,228],"class_list":["post-307934","post","type-post","status-publish","format-standard","has-post-thumbnail","hentry","category-general-information","category-lactose-intolerance","tag-cow","tag-lactose","tag-milk"],"yoast_head":"<!-- This site is optimized with the Yoast SEO Premium plugin v27.4 (Yoast SEO v27.4) - https:\/\/yoast.com\/product\/yoast-seo-premium-wordpress\/ -->\n<title>Horned cow: Is milk from cows with horns healthier and less allergenic? &#8211; nmi-Portal \u2013 Ern\u00e4hrung im Fokus<\/title>\n<meta name=\"description\" content=\"Horned cow: Is milk from cows with horns healthier and less allergenic? Our blogger explores this question in this article\" \/>\n<meta name=\"robots\" content=\"index, follow, max-snippet:-1, max-image-preview:large, max-video-preview:-1\" \/>\n<link rel=\"canonical\" href=\"https:\/\/www.nahrungsmittel-intoleranz.com\/en\/horned-cow-is-milk-from-cows-with-horns-healthier-and-less-allergenic\/\" \/>\n<meta property=\"og:locale\" content=\"en_US\" \/>\n<meta property=\"og:type\" content=\"article\" \/>\n<meta property=\"og:title\" content=\"Horned cow: Is milk from cows with horns healthier and less allergenic?\" \/>\n<meta property=\"og:description\" content=\"Horned cow: Is milk from cows with horns healthier and less allergenic? Our blogger explores this question in this article\" \/>\n<meta property=\"og:url\" content=\"https:\/\/www.nahrungsmittel-intoleranz.com\/en\/horned-cow-is-milk-from-cows-with-horns-healthier-and-less-allergenic\/\" \/>\n<meta property=\"og:site_name\" content=\"nmi-Portal \u2013 Ern\u00e4hrung im Fokus\" \/>\n<meta property=\"article:publisher\" content=\"https:\/\/www.researchgate.net\/profile\/Michael_Zechmann\" \/>\n<meta property=\"article:author\" content=\"https:\/\/www.researchgate.net\/profile\/Michael_Zechmann\" \/>\n<meta property=\"article:published_time\" content=\"2022-11-01T17:12:27+00:00\" \/>\n<meta property=\"article:modified_time\" content=\"2024-01-27T06:51:39+00:00\" \/>\n<meta property=\"og:image\" content=\"https:\/\/www.nahrungsmittel-intoleranz.com\/wp-content\/uploads\/claudio-schwarz-kuhmithorn-unsplash-scaled.jpg\" \/>\n\t<meta property=\"og:image:width\" content=\"2560\" \/>\n\t<meta property=\"og:image:height\" content=\"1707\" \/>\n\t<meta property=\"og:image:type\" content=\"image\/jpeg\" \/>\n<meta name=\"author\" content=\"Dr. Michael Zechmann-Khreis\" \/>\n<meta name=\"twitter:card\" content=\"summary_large_image\" \/>\n<script type=\"application\/ld+json\" class=\"yoast-schema-graph\">{\"@context\":\"https:\\\/\\\/schema.org\",\"@graph\":[{\"@type\":\"Article\",\"@id\":\"https:\\\/\\\/www.nahrungsmittel-intoleranz.com\\\/en\\\/horned-cow-is-milk-from-cows-with-horns-healthier-and-less-allergenic\\\/#article\",\"isPartOf\":{\"@id\":\"https:\\\/\\\/www.nahrungsmittel-intoleranz.com\\\/en\\\/horned-cow-is-milk-from-cows-with-horns-healthier-and-less-allergenic\\\/\"},\"author\":{\"name\":\"Dr. Michael Zechmann-Khreis\",\"@id\":\"https:\\\/\\\/www.nahrungsmittel-intoleranz.com\\\/en\\\/#\\\/schema\\\/person\\\/886bf98ff51d901de32aa6e29968eb8d\"},\"headline\":\"Horned cow: Is milk from cows with horns healthier and less allergenic?\",\"datePublished\":\"2022-11-01T17:12:27+00:00\",\"dateModified\":\"2024-01-27T06:51:39+00:00\",\"mainEntityOfPage\":{\"@id\":\"https:\\\/\\\/www.nahrungsmittel-intoleranz.com\\\/en\\\/horned-cow-is-milk-from-cows-with-horns-healthier-and-less-allergenic\\\/\"},\"wordCount\":582,\"publisher\":{\"@id\":\"https:\\\/\\\/www.nahrungsmittel-intoleranz.com\\\/#organization\"},\"image\":{\"@id\":\"https:\\\/\\\/www.nahrungsmittel-intoleranz.com\\\/en\\\/horned-cow-is-milk-from-cows-with-horns-healthier-and-less-allergenic\\\/#primaryimage\"},\"thumbnailUrl\":\"https:\\\/\\\/www.nahrungsmittel-intoleranz.com\\\/wp-content\\\/uploads\\\/claudio-schwarz-kuhmithorn-unsplash-scaled.jpg\",\"keywords\":[\"Cow\",\"Lactose\",\"Milk\"],\"articleSection\":[\"General information\",\"Lactose intolerance\"],\"inLanguage\":\"en-US\"},{\"@type\":[\"WebPage\",\"MedicalWebPage\"],\"@id\":\"https:\\\/\\\/www.nahrungsmittel-intoleranz.com\\\/en\\\/horned-cow-is-milk-from-cows-with-horns-healthier-and-less-allergenic\\\/\",\"url\":\"https:\\\/\\\/www.nahrungsmittel-intoleranz.com\\\/en\\\/horned-cow-is-milk-from-cows-with-horns-healthier-and-less-allergenic\\\/\",\"name\":\"Horned cow: Is milk from cows with horns healthier and less allergenic? &#8211; nmi-Portal \u2013 Ern\u00e4hrung im Fokus\",\"isPartOf\":{\"@id\":\"https:\\\/\\\/www.nahrungsmittel-intoleranz.com\\\/en\\\/#website\"},\"primaryImageOfPage\":{\"@id\":\"https:\\\/\\\/www.nahrungsmittel-intoleranz.com\\\/en\\\/horned-cow-is-milk-from-cows-with-horns-healthier-and-less-allergenic\\\/#primaryimage\"},\"image\":{\"@id\":\"https:\\\/\\\/www.nahrungsmittel-intoleranz.com\\\/en\\\/horned-cow-is-milk-from-cows-with-horns-healthier-and-less-allergenic\\\/#primaryimage\"},\"thumbnailUrl\":\"https:\\\/\\\/www.nahrungsmittel-intoleranz.com\\\/wp-content\\\/uploads\\\/claudio-schwarz-kuhmithorn-unsplash-scaled.jpg\",\"datePublished\":\"2022-11-01T17:12:27+00:00\",\"dateModified\":\"2024-01-27T06:51:39+00:00\",\"description\":\"Horned cow: Is milk from cows with horns healthier and less allergenic? Our blogger explores this question in this article\",\"breadcrumb\":{\"@id\":\"https:\\\/\\\/www.nahrungsmittel-intoleranz.com\\\/en\\\/horned-cow-is-milk-from-cows-with-horns-healthier-and-less-allergenic\\\/#breadcrumb\"},\"inLanguage\":\"en-US\",\"potentialAction\":[{\"@type\":\"ReadAction\",\"target\":[\"https:\\\/\\\/www.nahrungsmittel-intoleranz.com\\\/en\\\/horned-cow-is-milk-from-cows-with-horns-healthier-and-less-allergenic\\\/\"]}]},{\"@type\":\"ImageObject\",\"inLanguage\":\"en-US\",\"@id\":\"https:\\\/\\\/www.nahrungsmittel-intoleranz.com\\\/en\\\/horned-cow-is-milk-from-cows-with-horns-healthier-and-less-allergenic\\\/#primaryimage\",\"url\":\"https:\\\/\\\/www.nahrungsmittel-intoleranz.com\\\/wp-content\\\/uploads\\\/claudio-schwarz-kuhmithorn-unsplash-scaled.jpg\",\"contentUrl\":\"https:\\\/\\\/www.nahrungsmittel-intoleranz.com\\\/wp-content\\\/uploads\\\/claudio-schwarz-kuhmithorn-unsplash-scaled.jpg\",\"width\":2560,\"height\":1707},{\"@type\":\"BreadcrumbList\",\"@id\":\"https:\\\/\\\/www.nahrungsmittel-intoleranz.com\\\/en\\\/horned-cow-is-milk-from-cows-with-horns-healthier-and-less-allergenic\\\/#breadcrumb\",\"itemListElement\":[{\"@type\":\"ListItem\",\"position\":1,\"name\":\"Startseite\",\"item\":\"https:\\\/\\\/www.nahrungsmittel-intoleranz.com\\\/en\\\/\"},{\"@type\":\"ListItem\",\"position\":2,\"name\":\"Horned cow: Is milk from cows with horns healthier and less allergenic?\"}]},{\"@type\":\"WebSite\",\"@id\":\"https:\\\/\\\/www.nahrungsmittel-intoleranz.com\\\/en\\\/#website\",\"url\":\"https:\\\/\\\/www.nahrungsmittel-intoleranz.com\\\/en\\\/\",\"name\":\"nmi-Portal \u2013 Ern\u00e4hrung im Fokus\",\"description\":\"Laktose, Fruktose, Histaminintoleranz &amp; Darm\",\"publisher\":{\"@id\":\"https:\\\/\\\/www.nahrungsmittel-intoleranz.com\\\/#organization\"},\"alternateName\":\"Portal f\u00fcr Nahrungsmittelintoleranz\",\"potentialAction\":[{\"@type\":\"SearchAction\",\"target\":{\"@type\":\"EntryPoint\",\"urlTemplate\":\"https:\\\/\\\/www.nahrungsmittel-intoleranz.com\\\/en\\\/?s={search_term_string}\"},\"query-input\":{\"@type\":\"PropertyValueSpecification\",\"valueRequired\":true,\"valueName\":\"search_term_string\"}}],\"inLanguage\":\"en-US\"},{\"@type\":\"Person\",\"@id\":\"https:\\\/\\\/www.nahrungsmittel-intoleranz.com\\\/en\\\/#\\\/schema\\\/person\\\/886bf98ff51d901de32aa6e29968eb8d\",\"name\":\"Dr. Michael Zechmann-Khreis\",\"image\":{\"@type\":\"ImageObject\",\"inLanguage\":\"en-US\",\"@id\":\"https:\\\/\\\/www.nahrungsmittel-intoleranz.com\\\/wp-content\\\/uploads\\\/Zechmann__web.jpg\",\"url\":\"https:\\\/\\\/www.nahrungsmittel-intoleranz.com\\\/wp-content\\\/uploads\\\/Zechmann__web.jpg\",\"contentUrl\":\"https:\\\/\\\/www.nahrungsmittel-intoleranz.com\\\/wp-content\\\/uploads\\\/Zechmann__web.jpg\",\"width\":800,\"height\":800,\"caption\":\"Dr. Michael Zechmann-Khreis\"},\"logo\":{\"@id\":\"https:\\\/\\\/www.nahrungsmittel-intoleranz.com\\\/wp-content\\\/uploads\\\/Zechmann__web.jpg\"},\"description\":\"Dr. Michael Zechmann-Khreis ist Ern\u00e4hrungsbiologe und Gr\u00fcnder des nmi-Portals. Er ist Professor an der P\u00e4dagogischen Hochschule Tirol (Professur f\u00fcr Ern\u00e4hrungswissenschaft, Nachhaltigkeit und Gesundheit), ist Autor verschiedener Ern\u00e4hrungsb\u00fccher und bloggt hier \u00fcber seine Erfahrungen als Betroffener (Laktose- und Fruktoseintoleranz) sowie \u00fcber allgemeine Ern\u00e4hrungsthemen.\",\"sameAs\":[\"https:\\\/\\\/scholar.google.com\\\/citations?user=8ZsLoCgAAAAJ&amp;hl=de\",\"https:\\\/\\\/www.researchgate.net\\\/profile\\\/Michael_Zechmann\",\"https:\\\/\\\/orcid.org\\\/0009-0004-7792-935X\",\"https:\\\/\\\/oesterreichwiki.org\\\/wiki\\\/Michael_Zechmann-Khreis\"],\"honorificPrefix\":\"Mag. Dr.\",\"gender\":\"m\u00e4nnlich\",\"knowsLanguage\":[\"Deutsch\",\"Englisch\"],\"worksFor\":{\"@type\":\"Organization\",\"name\":\"P\u00e4dagogische Hochschule Tirol\",\"url\":\"https:\\\/\\\/www.ph-tirol.ac.at\\\/\"},\"url\":\"https:\\\/\\\/www.nahrungsmittel-intoleranz.com\\\/en\\\/author\\\/michaelzechmann\\\/\"}]}<\/script>\n<!-- \/ Yoast SEO Premium plugin. -->","yoast_head_json":{"title":"Horned cow: Is milk from cows with horns healthier and less allergenic? &#8211; nmi-Portal \u2013 Ern\u00e4hrung im Fokus","description":"Horned cow: Is milk from cows with horns healthier and less allergenic? Our blogger explores this question in this article","robots":{"index":"index","follow":"follow","max-snippet":"max-snippet:-1","max-image-preview":"max-image-preview:large","max-video-preview":"max-video-preview:-1"},"canonical":"https:\/\/www.nahrungsmittel-intoleranz.com\/en\/horned-cow-is-milk-from-cows-with-horns-healthier-and-less-allergenic\/","og_locale":"en_US","og_type":"article","og_title":"Horned cow: Is milk from cows with horns healthier and less allergenic?","og_description":"Horned cow: Is milk from cows with horns healthier and less allergenic? Our blogger explores this question in this article","og_url":"https:\/\/www.nahrungsmittel-intoleranz.com\/en\/horned-cow-is-milk-from-cows-with-horns-healthier-and-less-allergenic\/","og_site_name":"nmi-Portal \u2013 Ern\u00e4hrung im Fokus","article_publisher":"https:\/\/www.researchgate.net\/profile\/Michael_Zechmann","article_author":"https:\/\/www.researchgate.net\/profile\/Michael_Zechmann","article_published_time":"2022-11-01T17:12:27+00:00","article_modified_time":"2024-01-27T06:51:39+00:00","og_image":[{"width":2560,"height":1707,"url":"https:\/\/www.nahrungsmittel-intoleranz.com\/wp-content\/uploads\/claudio-schwarz-kuhmithorn-unsplash-scaled.jpg","type":"image\/jpeg"}],"author":"Dr. Michael Zechmann-Khreis","twitter_card":"summary_large_image","schema":{"@context":"https:\/\/schema.org","@graph":[{"@type":"Article","@id":"https:\/\/www.nahrungsmittel-intoleranz.com\/en\/horned-cow-is-milk-from-cows-with-horns-healthier-and-less-allergenic\/#article","isPartOf":{"@id":"https:\/\/www.nahrungsmittel-intoleranz.com\/en\/horned-cow-is-milk-from-cows-with-horns-healthier-and-less-allergenic\/"},"author":{"name":"Dr. Michael Zechmann-Khreis","@id":"https:\/\/www.nahrungsmittel-intoleranz.com\/en\/#\/schema\/person\/886bf98ff51d901de32aa6e29968eb8d"},"headline":"Horned cow: Is milk from cows with horns healthier and less allergenic?","datePublished":"2022-11-01T17:12:27+00:00","dateModified":"2024-01-27T06:51:39+00:00","mainEntityOfPage":{"@id":"https:\/\/www.nahrungsmittel-intoleranz.com\/en\/horned-cow-is-milk-from-cows-with-horns-healthier-and-less-allergenic\/"},"wordCount":582,"publisher":{"@id":"https:\/\/www.nahrungsmittel-intoleranz.com\/#organization"},"image":{"@id":"https:\/\/www.nahrungsmittel-intoleranz.com\/en\/horned-cow-is-milk-from-cows-with-horns-healthier-and-less-allergenic\/#primaryimage"},"thumbnailUrl":"https:\/\/www.nahrungsmittel-intoleranz.com\/wp-content\/uploads\/claudio-schwarz-kuhmithorn-unsplash-scaled.jpg","keywords":["Cow","Lactose","Milk"],"articleSection":["General information","Lactose intolerance"],"inLanguage":"en-US"},{"@type":["WebPage","MedicalWebPage"],"@id":"https:\/\/www.nahrungsmittel-intoleranz.com\/en\/horned-cow-is-milk-from-cows-with-horns-healthier-and-less-allergenic\/","url":"https:\/\/www.nahrungsmittel-intoleranz.com\/en\/horned-cow-is-milk-from-cows-with-horns-healthier-and-less-allergenic\/","name":"Horned cow: Is milk from cows with horns healthier and less allergenic? &#8211; nmi-Portal \u2013 Ern\u00e4hrung im Fokus","isPartOf":{"@id":"https:\/\/www.nahrungsmittel-intoleranz.com\/en\/#website"},"primaryImageOfPage":{"@id":"https:\/\/www.nahrungsmittel-intoleranz.com\/en\/horned-cow-is-milk-from-cows-with-horns-healthier-and-less-allergenic\/#primaryimage"},"image":{"@id":"https:\/\/www.nahrungsmittel-intoleranz.com\/en\/horned-cow-is-milk-from-cows-with-horns-healthier-and-less-allergenic\/#primaryimage"},"thumbnailUrl":"https:\/\/www.nahrungsmittel-intoleranz.com\/wp-content\/uploads\/claudio-schwarz-kuhmithorn-unsplash-scaled.jpg","datePublished":"2022-11-01T17:12:27+00:00","dateModified":"2024-01-27T06:51:39+00:00","description":"Horned cow: Is milk from cows with horns healthier and less allergenic? Our blogger explores this question in this article","breadcrumb":{"@id":"https:\/\/www.nahrungsmittel-intoleranz.com\/en\/horned-cow-is-milk-from-cows-with-horns-healthier-and-less-allergenic\/#breadcrumb"},"inLanguage":"en-US","potentialAction":[{"@type":"ReadAction","target":["https:\/\/www.nahrungsmittel-intoleranz.com\/en\/horned-cow-is-milk-from-cows-with-horns-healthier-and-less-allergenic\/"]}]},{"@type":"ImageObject","inLanguage":"en-US","@id":"https:\/\/www.nahrungsmittel-intoleranz.com\/en\/horned-cow-is-milk-from-cows-with-horns-healthier-and-less-allergenic\/#primaryimage","url":"https:\/\/www.nahrungsmittel-intoleranz.com\/wp-content\/uploads\/claudio-schwarz-kuhmithorn-unsplash-scaled.jpg","contentUrl":"https:\/\/www.nahrungsmittel-intoleranz.com\/wp-content\/uploads\/claudio-schwarz-kuhmithorn-unsplash-scaled.jpg","width":2560,"height":1707},{"@type":"BreadcrumbList","@id":"https:\/\/www.nahrungsmittel-intoleranz.com\/en\/horned-cow-is-milk-from-cows-with-horns-healthier-and-less-allergenic\/#breadcrumb","itemListElement":[{"@type":"ListItem","position":1,"name":"Startseite","item":"https:\/\/www.nahrungsmittel-intoleranz.com\/en\/"},{"@type":"ListItem","position":2,"name":"Horned cow: Is milk from cows with horns healthier and less allergenic?"}]},{"@type":"WebSite","@id":"https:\/\/www.nahrungsmittel-intoleranz.com\/en\/#website","url":"https:\/\/www.nahrungsmittel-intoleranz.com\/en\/","name":"nmi-Portal \u2013 Ern\u00e4hrung im Fokus","description":"Laktose, Fruktose, Histaminintoleranz &amp; Darm","publisher":{"@id":"https:\/\/www.nahrungsmittel-intoleranz.com\/#organization"},"alternateName":"Portal f\u00fcr Nahrungsmittelintoleranz","potentialAction":[{"@type":"SearchAction","target":{"@type":"EntryPoint","urlTemplate":"https:\/\/www.nahrungsmittel-intoleranz.com\/en\/?s={search_term_string}"},"query-input":{"@type":"PropertyValueSpecification","valueRequired":true,"valueName":"search_term_string"}}],"inLanguage":"en-US"},{"@type":"Person","@id":"https:\/\/www.nahrungsmittel-intoleranz.com\/en\/#\/schema\/person\/886bf98ff51d901de32aa6e29968eb8d","name":"Dr. Michael Zechmann-Khreis","image":{"@type":"ImageObject","inLanguage":"en-US","@id":"https:\/\/www.nahrungsmittel-intoleranz.com\/wp-content\/uploads\/Zechmann__web.jpg","url":"https:\/\/www.nahrungsmittel-intoleranz.com\/wp-content\/uploads\/Zechmann__web.jpg","contentUrl":"https:\/\/www.nahrungsmittel-intoleranz.com\/wp-content\/uploads\/Zechmann__web.jpg","width":800,"height":800,"caption":"Dr. Michael Zechmann-Khreis"},"logo":{"@id":"https:\/\/www.nahrungsmittel-intoleranz.com\/wp-content\/uploads\/Zechmann__web.jpg"},"description":"Dr. Michael Zechmann-Khreis ist Ern\u00e4hrungsbiologe und Gr\u00fcnder des nmi-Portals. Er ist Professor an der P\u00e4dagogischen Hochschule Tirol (Professur f\u00fcr Ern\u00e4hrungswissenschaft, Nachhaltigkeit und Gesundheit), ist Autor verschiedener Ern\u00e4hrungsb\u00fccher und bloggt hier \u00fcber seine Erfahrungen als Betroffener (Laktose- und Fruktoseintoleranz) sowie \u00fcber allgemeine Ern\u00e4hrungsthemen.","sameAs":["https:\/\/scholar.google.com\/citations?user=8ZsLoCgAAAAJ&amp;hl=de","https:\/\/www.researchgate.net\/profile\/Michael_Zechmann","https:\/\/orcid.org\/0009-0004-7792-935X","https:\/\/oesterreichwiki.org\/wiki\/Michael_Zechmann-Khreis"],"honorificPrefix":"Mag. Dr.","gender":"m\u00e4nnlich","knowsLanguage":["Deutsch","Englisch"],"worksFor":{"@type":"Organization","name":"P\u00e4dagogische Hochschule Tirol","url":"https:\/\/www.ph-tirol.ac.at\/"},"url":"https:\/\/www.nahrungsmittel-intoleranz.com\/en\/author\/michaelzechmann\/"}]}},"modified_by":null,"_links":{"self":[{"href":"https:\/\/www.nahrungsmittel-intoleranz.com\/en\/wp-json\/wp\/v2\/posts\/307934","targetHints":{"allow":["GET"]}}],"collection":[{"href":"https:\/\/www.nahrungsmittel-intoleranz.com\/en\/wp-json\/wp\/v2\/posts"}],"about":[{"href":"https:\/\/www.nahrungsmittel-intoleranz.com\/en\/wp-json\/wp\/v2\/types\/post"}],"author":[{"embeddable":true,"href":"https:\/\/www.nahrungsmittel-intoleranz.com\/en\/wp-json\/wp\/v2\/users\/2"}],"replies":[{"embeddable":true,"href":"https:\/\/www.nahrungsmittel-intoleranz.com\/en\/wp-json\/wp\/v2\/comments?post=307934"}],"version-history":[{"count":0,"href":"https:\/\/www.nahrungsmittel-intoleranz.com\/en\/wp-json\/wp\/v2\/posts\/307934\/revisions"}],"wp:featuredmedia":[{"embeddable":true,"href":"https:\/\/www.nahrungsmittel-intoleranz.com\/en\/wp-json\/wp\/v2\/media\/307698"}],"wp:attachment":[{"href":"https:\/\/www.nahrungsmittel-intoleranz.com\/en\/wp-json\/wp\/v2\/media?parent=307934"}],"wp:term":[{"taxonomy":"category","embeddable":true,"href":"https:\/\/www.nahrungsmittel-intoleranz.com\/en\/wp-json\/wp\/v2\/categories?post=307934"},{"taxonomy":"post_tag","embeddable":true,"href":"https:\/\/www.nahrungsmittel-intoleranz.com\/en\/wp-json\/wp\/v2\/tags?post=307934"}],"curies":[{"name":"wp","href":"https:\/\/api.w.org\/{rel}","templated":true}]}}