{"id":307835,"date":"2021-01-04T12:02:34","date_gmt":"2021-01-04T12:02:34","guid":{"rendered":"https:\/\/www.nahrungsmittel-intoleranz.com\/podcast-about-nutrition\/"},"modified":"2023-12-07T10:30:14","modified_gmt":"2023-12-07T10:30:14","slug":"podcast-about-nutrition","status":"publish","type":"post","link":"https:\/\/www.nahrungsmittel-intoleranz.com\/en\/podcast-about-nutrition\/","title":{"rendered":"Podcast about nutrition"},"content":{"rendered":"\n<p>A new chapter in the history of the nmi portal is now opening: We are making a podcast: <strong>Nutrition Monologues<\/strong>. Michael actually wanted to talk to various people from the food sector, but Corona put a spanner in the works. And that&#8217;s how the &#8220;nutrition monologues&#8221; came about, which means that Michael will be doing the podcast alone. As soon as the COVID-19 measures allow, interesting personalities will of course also be invited to the podcast.<\/p>\n\n<div><script id=\"letscast-player-755657f7\" src=\"https:\/\/letscast.fm\/podcasts\/ernaehrungsmonologe-a8550437\/episodes\/ernaehrungsmonologe-der-trailer\/player.js?size=l\"><\/script><\/div>\n\n<figure class=\"wp-block-pullquote\"><blockquote><p>Subscribe now and don&#8217;t miss the first episode!<\/p><\/blockquote><\/figure>\n\n<h2 class=\"wp-block-heading\" id=\"h-worum-geht-s-im-podcast\">What is the podcast about?<\/h2>\n\n<p>The first season is all about intolerances. Understanding them is the key to living with his intolerance. And it is the key to how we can then live well and healthily. The focus is on well-being. I will also be answering questions, so please feel free to send your questions to <a href=\"mailto:podcast@nahrungsmittel-intoleranz.com\">podcast@nahrungsmittel-intoleranz.com<\/a>. Some questions will then be answered anonymously in the podcast.<\/p>\n\n<h2 class=\"wp-block-heading\" id=\"h-wann-geht-s-los\">When does it start?<\/h2>\n\n<p>The podcasts are published every Thursday. It starts in mid-January.  <strong>It&#8217;s best to subscribe now so you don&#8217;t miss the first episode.<\/strong><\/p>\n\n<h2 class=\"wp-block-heading\" id=\"h-wo-kann-ich-den-podcast-h-ren\">Where can I listen to the podcast?<\/h2>\n\n<p>On all the usual podcast channels: <a href=\"https:\/\/open.spotify.com\/show\/4K4YG60UchaTJA2xp4geKB\" target=\"_blank\" rel=\"noreferrer noopener\">Spotify<\/a>, Apple Podcast, Google Podcast, <a href=\"https:\/\/music.amazon.de\/podcasts\/5a177bf8-21e8-47cf-ab9d-65a87bc756c2\/Ernhrungsmonologe\" target=\"_blank\" rel=\"noreferrer noopener\">Amazon Music<\/a>, TuneIn, <a href=\"https:\/\/letscast.fm\/sites\/ernaehrungsmonologe-a8550437\" target=\"_blank\" rel=\"noreferrer noopener nofollow\">letscast.fm <\/a>and of course right here on nahrungsmittel-intoleranz.com. The latest episode will always be available at the bottom of our website. You can find a nice overview of all channels on the<a href=\"https:\/\/letscast.fm\/sites\/ernaehrungsmonologe-a8550437\" target=\"_blank\" rel=\"noreferrer noopener\"> letscast.fm page<\/a>.<\/p>\n\n<p><strong>Don&#8217;t forget: Subscribe now so you don&#8217;t miss the first episode!<\/strong><\/p>\n\n<p><\/p>\n","protected":false},"excerpt":{"rendered":"<p>A new chapter in the history of the nmi portal is now opening: We are making a podcast: Nutrition Monologues. Michael actually wanted to talk to various people from the food sector, but Corona put a spanner in the works. And that&#8217;s how the &#8220;nutrition monologues&#8221; came about, which means that Michael will be doing [&hellip;]<\/p>\n","protected":false},"author":2,"featured_media":307656,"comment_status":"closed","ping_status":"closed","sticky":false,"template":"","format":"standard","meta":{"_lmt_disableupdate":"","_lmt_disable":"","wprm-recipe-roundup-name":"","wprm-recipe-roundup-description":"","footnotes":""},"categories":[188,192],"tags":[],"class_list":["post-307835","post","type-post","status-publish","format-standard","has-post-thumbnail","hentry","category-general-information","category-podcast-en"],"yoast_head":"<!-- This site is optimized with the Yoast SEO Premium plugin v27.4 (Yoast SEO v27.4) - https:\/\/yoast.com\/product\/yoast-seo-premium-wordpress\/ -->\n<title>Podcast about nutrition &#8211; nmi-Portal \u2013 Ern\u00e4hrung im Fokus<\/title>\n<meta name=\"description\" content=\"The nmi portal podcast about healthy eating. Season 01:Food intolerances and how we can live healthily with them\" \/>\n<meta name=\"robots\" content=\"index, follow, max-snippet:-1, max-image-preview:large, max-video-preview:-1\" \/>\n<link rel=\"canonical\" href=\"https:\/\/www.nahrungsmittel-intoleranz.com\/en\/podcast-about-nutrition\/\" \/>\n<meta property=\"og:locale\" content=\"en_US\" \/>\n<meta property=\"og:type\" content=\"article\" \/>\n<meta property=\"og:title\" content=\"Podcast about nutrition\" \/>\n<meta property=\"og:description\" content=\"The nmi portal podcast about healthy eating. Season 01:Food intolerances and how we can live healthily with them\" \/>\n<meta property=\"og:url\" content=\"https:\/\/www.nahrungsmittel-intoleranz.com\/en\/podcast-about-nutrition\/\" \/>\n<meta property=\"og:site_name\" content=\"nmi-Portal \u2013 Ern\u00e4hrung im Fokus\" \/>\n<meta property=\"article:publisher\" content=\"https:\/\/www.researchgate.net\/profile\/Michael_Zechmann\" \/>\n<meta property=\"article:author\" content=\"https:\/\/www.researchgate.net\/profile\/Michael_Zechmann\" \/>\n<meta property=\"article:published_time\" content=\"2021-01-04T12:02:34+00:00\" \/>\n<meta property=\"article:modified_time\" content=\"2023-12-07T10:30:14+00:00\" \/>\n<meta property=\"og:image\" content=\"https:\/\/www.nahrungsmittel-intoleranz.com\/wp-content\/uploads\/logo-ernaehrungsmonologe_web2-scaled.jpg\" \/>\n\t<meta property=\"og:image:width\" content=\"2560\" \/>\n\t<meta property=\"og:image:height\" content=\"1707\" \/>\n\t<meta property=\"og:image:type\" content=\"image\/jpeg\" \/>\n<meta name=\"author\" content=\"Dr. Michael Zechmann-Khreis\" \/>\n<meta name=\"twitter:card\" content=\"summary_large_image\" \/>\n<script type=\"application\/ld+json\" class=\"yoast-schema-graph\">{\"@context\":\"https:\\\/\\\/schema.org\",\"@graph\":[{\"@type\":\"Article\",\"@id\":\"https:\\\/\\\/www.nahrungsmittel-intoleranz.com\\\/en\\\/podcast-about-nutrition\\\/#article\",\"isPartOf\":{\"@id\":\"https:\\\/\\\/www.nahrungsmittel-intoleranz.com\\\/en\\\/podcast-about-nutrition\\\/\"},\"author\":{\"name\":\"Dr. Michael Zechmann-Khreis\",\"@id\":\"https:\\\/\\\/www.nahrungsmittel-intoleranz.com\\\/en\\\/#\\\/schema\\\/person\\\/886bf98ff51d901de32aa6e29968eb8d\"},\"headline\":\"Podcast about nutrition\",\"datePublished\":\"2021-01-04T12:02:34+00:00\",\"dateModified\":\"2023-12-07T10:30:14+00:00\",\"mainEntityOfPage\":{\"@id\":\"https:\\\/\\\/www.nahrungsmittel-intoleranz.com\\\/en\\\/podcast-about-nutrition\\\/\"},\"wordCount\":257,\"publisher\":{\"@id\":\"https:\\\/\\\/www.nahrungsmittel-intoleranz.com\\\/#organization\"},\"image\":{\"@id\":\"https:\\\/\\\/www.nahrungsmittel-intoleranz.com\\\/en\\\/podcast-about-nutrition\\\/#primaryimage\"},\"thumbnailUrl\":\"https:\\\/\\\/www.nahrungsmittel-intoleranz.com\\\/wp-content\\\/uploads\\\/logo-ernaehrungsmonologe_web2-scaled.jpg\",\"articleSection\":[\"General information\",\"Podcast\"],\"inLanguage\":\"en-US\"},{\"@type\":[\"WebPage\",\"MedicalWebPage\"],\"@id\":\"https:\\\/\\\/www.nahrungsmittel-intoleranz.com\\\/en\\\/podcast-about-nutrition\\\/\",\"url\":\"https:\\\/\\\/www.nahrungsmittel-intoleranz.com\\\/en\\\/podcast-about-nutrition\\\/\",\"name\":\"Podcast about nutrition &#8211; nmi-Portal \u2013 Ern\u00e4hrung im Fokus\",\"isPartOf\":{\"@id\":\"https:\\\/\\\/www.nahrungsmittel-intoleranz.com\\\/en\\\/#website\"},\"primaryImageOfPage\":{\"@id\":\"https:\\\/\\\/www.nahrungsmittel-intoleranz.com\\\/en\\\/podcast-about-nutrition\\\/#primaryimage\"},\"image\":{\"@id\":\"https:\\\/\\\/www.nahrungsmittel-intoleranz.com\\\/en\\\/podcast-about-nutrition\\\/#primaryimage\"},\"thumbnailUrl\":\"https:\\\/\\\/www.nahrungsmittel-intoleranz.com\\\/wp-content\\\/uploads\\\/logo-ernaehrungsmonologe_web2-scaled.jpg\",\"datePublished\":\"2021-01-04T12:02:34+00:00\",\"dateModified\":\"2023-12-07T10:30:14+00:00\",\"description\":\"The nmi portal podcast about healthy eating. Season 01:Food intolerances and how we can live healthily with them\",\"breadcrumb\":{\"@id\":\"https:\\\/\\\/www.nahrungsmittel-intoleranz.com\\\/en\\\/podcast-about-nutrition\\\/#breadcrumb\"},\"inLanguage\":\"en-US\",\"potentialAction\":[{\"@type\":\"ReadAction\",\"target\":[\"https:\\\/\\\/www.nahrungsmittel-intoleranz.com\\\/en\\\/podcast-about-nutrition\\\/\"]}]},{\"@type\":\"ImageObject\",\"inLanguage\":\"en-US\",\"@id\":\"https:\\\/\\\/www.nahrungsmittel-intoleranz.com\\\/en\\\/podcast-about-nutrition\\\/#primaryimage\",\"url\":\"https:\\\/\\\/www.nahrungsmittel-intoleranz.com\\\/wp-content\\\/uploads\\\/logo-ernaehrungsmonologe_web2-scaled.jpg\",\"contentUrl\":\"https:\\\/\\\/www.nahrungsmittel-intoleranz.com\\\/wp-content\\\/uploads\\\/logo-ernaehrungsmonologe_web2-scaled.jpg\",\"width\":2560,\"height\":1707,\"caption\":\"Ern\u00e4hrungsmonologe Podcast\"},{\"@type\":\"BreadcrumbList\",\"@id\":\"https:\\\/\\\/www.nahrungsmittel-intoleranz.com\\\/en\\\/podcast-about-nutrition\\\/#breadcrumb\",\"itemListElement\":[{\"@type\":\"ListItem\",\"position\":1,\"name\":\"Startseite\",\"item\":\"https:\\\/\\\/www.nahrungsmittel-intoleranz.com\\\/en\\\/\"},{\"@type\":\"ListItem\",\"position\":2,\"name\":\"Podcast about nutrition\"}]},{\"@type\":\"WebSite\",\"@id\":\"https:\\\/\\\/www.nahrungsmittel-intoleranz.com\\\/en\\\/#website\",\"url\":\"https:\\\/\\\/www.nahrungsmittel-intoleranz.com\\\/en\\\/\",\"name\":\"nmi-Portal \u2013 Ern\u00e4hrung im Fokus\",\"description\":\"Laktose, Fruktose, Histaminintoleranz &amp; Darm\",\"publisher\":{\"@id\":\"https:\\\/\\\/www.nahrungsmittel-intoleranz.com\\\/#organization\"},\"alternateName\":\"Portal f\u00fcr Nahrungsmittelintoleranz\",\"potentialAction\":[{\"@type\":\"SearchAction\",\"target\":{\"@type\":\"EntryPoint\",\"urlTemplate\":\"https:\\\/\\\/www.nahrungsmittel-intoleranz.com\\\/en\\\/?s={search_term_string}\"},\"query-input\":{\"@type\":\"PropertyValueSpecification\",\"valueRequired\":true,\"valueName\":\"search_term_string\"}}],\"inLanguage\":\"en-US\"},{\"@type\":\"Person\",\"@id\":\"https:\\\/\\\/www.nahrungsmittel-intoleranz.com\\\/en\\\/#\\\/schema\\\/person\\\/886bf98ff51d901de32aa6e29968eb8d\",\"name\":\"Dr. Michael Zechmann-Khreis\",\"image\":{\"@type\":\"ImageObject\",\"inLanguage\":\"en-US\",\"@id\":\"https:\\\/\\\/www.nahrungsmittel-intoleranz.com\\\/wp-content\\\/uploads\\\/Zechmann__web.jpg\",\"url\":\"https:\\\/\\\/www.nahrungsmittel-intoleranz.com\\\/wp-content\\\/uploads\\\/Zechmann__web.jpg\",\"contentUrl\":\"https:\\\/\\\/www.nahrungsmittel-intoleranz.com\\\/wp-content\\\/uploads\\\/Zechmann__web.jpg\",\"width\":800,\"height\":800,\"caption\":\"Dr. Michael Zechmann-Khreis\"},\"logo\":{\"@id\":\"https:\\\/\\\/www.nahrungsmittel-intoleranz.com\\\/wp-content\\\/uploads\\\/Zechmann__web.jpg\"},\"description\":\"Dr. Michael Zechmann-Khreis ist Ern\u00e4hrungsbiologe und Gr\u00fcnder des nmi-Portals. Er ist Professor an der P\u00e4dagogischen Hochschule Tirol (Professur f\u00fcr Ern\u00e4hrungswissenschaft, Nachhaltigkeit und Gesundheit), ist Autor verschiedener Ern\u00e4hrungsb\u00fccher und bloggt hier \u00fcber seine Erfahrungen als Betroffener (Laktose- und Fruktoseintoleranz) sowie \u00fcber allgemeine Ern\u00e4hrungsthemen.\",\"sameAs\":[\"https:\\\/\\\/scholar.google.com\\\/citations?user=8ZsLoCgAAAAJ&amp;hl=de\",\"https:\\\/\\\/www.researchgate.net\\\/profile\\\/Michael_Zechmann\",\"https:\\\/\\\/orcid.org\\\/0009-0004-7792-935X\",\"https:\\\/\\\/oesterreichwiki.org\\\/wiki\\\/Michael_Zechmann-Khreis\"],\"honorificPrefix\":\"Mag. Dr.\",\"gender\":\"m\u00e4nnlich\",\"knowsLanguage\":[\"Deutsch\",\"Englisch\"],\"worksFor\":{\"@type\":\"Organization\",\"name\":\"P\u00e4dagogische Hochschule Tirol\",\"url\":\"https:\\\/\\\/www.ph-tirol.ac.at\\\/\"},\"url\":\"https:\\\/\\\/www.nahrungsmittel-intoleranz.com\\\/en\\\/author\\\/michaelzechmann\\\/\"}]}<\/script>\n<!-- \/ Yoast SEO Premium plugin. -->","yoast_head_json":{"title":"Podcast about nutrition &#8211; nmi-Portal \u2013 Ern\u00e4hrung im Fokus","description":"The nmi portal podcast about healthy eating. Season 01:Food intolerances and how we can live healthily with them","robots":{"index":"index","follow":"follow","max-snippet":"max-snippet:-1","max-image-preview":"max-image-preview:large","max-video-preview":"max-video-preview:-1"},"canonical":"https:\/\/www.nahrungsmittel-intoleranz.com\/en\/podcast-about-nutrition\/","og_locale":"en_US","og_type":"article","og_title":"Podcast about nutrition","og_description":"The nmi portal podcast about healthy eating. Season 01:Food intolerances and how we can live healthily with them","og_url":"https:\/\/www.nahrungsmittel-intoleranz.com\/en\/podcast-about-nutrition\/","og_site_name":"nmi-Portal \u2013 Ern\u00e4hrung im Fokus","article_publisher":"https:\/\/www.researchgate.net\/profile\/Michael_Zechmann","article_author":"https:\/\/www.researchgate.net\/profile\/Michael_Zechmann","article_published_time":"2021-01-04T12:02:34+00:00","article_modified_time":"2023-12-07T10:30:14+00:00","og_image":[{"width":2560,"height":1707,"url":"https:\/\/www.nahrungsmittel-intoleranz.com\/wp-content\/uploads\/logo-ernaehrungsmonologe_web2-scaled.jpg","type":"image\/jpeg"}],"author":"Dr. Michael Zechmann-Khreis","twitter_card":"summary_large_image","schema":{"@context":"https:\/\/schema.org","@graph":[{"@type":"Article","@id":"https:\/\/www.nahrungsmittel-intoleranz.com\/en\/podcast-about-nutrition\/#article","isPartOf":{"@id":"https:\/\/www.nahrungsmittel-intoleranz.com\/en\/podcast-about-nutrition\/"},"author":{"name":"Dr. Michael Zechmann-Khreis","@id":"https:\/\/www.nahrungsmittel-intoleranz.com\/en\/#\/schema\/person\/886bf98ff51d901de32aa6e29968eb8d"},"headline":"Podcast about nutrition","datePublished":"2021-01-04T12:02:34+00:00","dateModified":"2023-12-07T10:30:14+00:00","mainEntityOfPage":{"@id":"https:\/\/www.nahrungsmittel-intoleranz.com\/en\/podcast-about-nutrition\/"},"wordCount":257,"publisher":{"@id":"https:\/\/www.nahrungsmittel-intoleranz.com\/#organization"},"image":{"@id":"https:\/\/www.nahrungsmittel-intoleranz.com\/en\/podcast-about-nutrition\/#primaryimage"},"thumbnailUrl":"https:\/\/www.nahrungsmittel-intoleranz.com\/wp-content\/uploads\/logo-ernaehrungsmonologe_web2-scaled.jpg","articleSection":["General information","Podcast"],"inLanguage":"en-US"},{"@type":["WebPage","MedicalWebPage"],"@id":"https:\/\/www.nahrungsmittel-intoleranz.com\/en\/podcast-about-nutrition\/","url":"https:\/\/www.nahrungsmittel-intoleranz.com\/en\/podcast-about-nutrition\/","name":"Podcast about nutrition &#8211; nmi-Portal \u2013 Ern\u00e4hrung im Fokus","isPartOf":{"@id":"https:\/\/www.nahrungsmittel-intoleranz.com\/en\/#website"},"primaryImageOfPage":{"@id":"https:\/\/www.nahrungsmittel-intoleranz.com\/en\/podcast-about-nutrition\/#primaryimage"},"image":{"@id":"https:\/\/www.nahrungsmittel-intoleranz.com\/en\/podcast-about-nutrition\/#primaryimage"},"thumbnailUrl":"https:\/\/www.nahrungsmittel-intoleranz.com\/wp-content\/uploads\/logo-ernaehrungsmonologe_web2-scaled.jpg","datePublished":"2021-01-04T12:02:34+00:00","dateModified":"2023-12-07T10:30:14+00:00","description":"The nmi portal podcast about healthy eating. Season 01:Food intolerances and how we can live healthily with them","breadcrumb":{"@id":"https:\/\/www.nahrungsmittel-intoleranz.com\/en\/podcast-about-nutrition\/#breadcrumb"},"inLanguage":"en-US","potentialAction":[{"@type":"ReadAction","target":["https:\/\/www.nahrungsmittel-intoleranz.com\/en\/podcast-about-nutrition\/"]}]},{"@type":"ImageObject","inLanguage":"en-US","@id":"https:\/\/www.nahrungsmittel-intoleranz.com\/en\/podcast-about-nutrition\/#primaryimage","url":"https:\/\/www.nahrungsmittel-intoleranz.com\/wp-content\/uploads\/logo-ernaehrungsmonologe_web2-scaled.jpg","contentUrl":"https:\/\/www.nahrungsmittel-intoleranz.com\/wp-content\/uploads\/logo-ernaehrungsmonologe_web2-scaled.jpg","width":2560,"height":1707,"caption":"Ern\u00e4hrungsmonologe Podcast"},{"@type":"BreadcrumbList","@id":"https:\/\/www.nahrungsmittel-intoleranz.com\/en\/podcast-about-nutrition\/#breadcrumb","itemListElement":[{"@type":"ListItem","position":1,"name":"Startseite","item":"https:\/\/www.nahrungsmittel-intoleranz.com\/en\/"},{"@type":"ListItem","position":2,"name":"Podcast about nutrition"}]},{"@type":"WebSite","@id":"https:\/\/www.nahrungsmittel-intoleranz.com\/en\/#website","url":"https:\/\/www.nahrungsmittel-intoleranz.com\/en\/","name":"nmi-Portal \u2013 Ern\u00e4hrung im Fokus","description":"Laktose, Fruktose, Histaminintoleranz &amp; Darm","publisher":{"@id":"https:\/\/www.nahrungsmittel-intoleranz.com\/#organization"},"alternateName":"Portal f\u00fcr Nahrungsmittelintoleranz","potentialAction":[{"@type":"SearchAction","target":{"@type":"EntryPoint","urlTemplate":"https:\/\/www.nahrungsmittel-intoleranz.com\/en\/?s={search_term_string}"},"query-input":{"@type":"PropertyValueSpecification","valueRequired":true,"valueName":"search_term_string"}}],"inLanguage":"en-US"},{"@type":"Person","@id":"https:\/\/www.nahrungsmittel-intoleranz.com\/en\/#\/schema\/person\/886bf98ff51d901de32aa6e29968eb8d","name":"Dr. Michael Zechmann-Khreis","image":{"@type":"ImageObject","inLanguage":"en-US","@id":"https:\/\/www.nahrungsmittel-intoleranz.com\/wp-content\/uploads\/Zechmann__web.jpg","url":"https:\/\/www.nahrungsmittel-intoleranz.com\/wp-content\/uploads\/Zechmann__web.jpg","contentUrl":"https:\/\/www.nahrungsmittel-intoleranz.com\/wp-content\/uploads\/Zechmann__web.jpg","width":800,"height":800,"caption":"Dr. Michael Zechmann-Khreis"},"logo":{"@id":"https:\/\/www.nahrungsmittel-intoleranz.com\/wp-content\/uploads\/Zechmann__web.jpg"},"description":"Dr. Michael Zechmann-Khreis ist Ern\u00e4hrungsbiologe und Gr\u00fcnder des nmi-Portals. Er ist Professor an der P\u00e4dagogischen Hochschule Tirol (Professur f\u00fcr Ern\u00e4hrungswissenschaft, Nachhaltigkeit und Gesundheit), ist Autor verschiedener Ern\u00e4hrungsb\u00fccher und bloggt hier \u00fcber seine Erfahrungen als Betroffener (Laktose- und Fruktoseintoleranz) sowie \u00fcber allgemeine Ern\u00e4hrungsthemen.","sameAs":["https:\/\/scholar.google.com\/citations?user=8ZsLoCgAAAAJ&amp;hl=de","https:\/\/www.researchgate.net\/profile\/Michael_Zechmann","https:\/\/orcid.org\/0009-0004-7792-935X","https:\/\/oesterreichwiki.org\/wiki\/Michael_Zechmann-Khreis"],"honorificPrefix":"Mag. Dr.","gender":"m\u00e4nnlich","knowsLanguage":["Deutsch","Englisch"],"worksFor":{"@type":"Organization","name":"P\u00e4dagogische Hochschule Tirol","url":"https:\/\/www.ph-tirol.ac.at\/"},"url":"https:\/\/www.nahrungsmittel-intoleranz.com\/en\/author\/michaelzechmann\/"}]}},"modified_by":null,"_links":{"self":[{"href":"https:\/\/www.nahrungsmittel-intoleranz.com\/en\/wp-json\/wp\/v2\/posts\/307835","targetHints":{"allow":["GET"]}}],"collection":[{"href":"https:\/\/www.nahrungsmittel-intoleranz.com\/en\/wp-json\/wp\/v2\/posts"}],"about":[{"href":"https:\/\/www.nahrungsmittel-intoleranz.com\/en\/wp-json\/wp\/v2\/types\/post"}],"author":[{"embeddable":true,"href":"https:\/\/www.nahrungsmittel-intoleranz.com\/en\/wp-json\/wp\/v2\/users\/2"}],"replies":[{"embeddable":true,"href":"https:\/\/www.nahrungsmittel-intoleranz.com\/en\/wp-json\/wp\/v2\/comments?post=307835"}],"version-history":[{"count":0,"href":"https:\/\/www.nahrungsmittel-intoleranz.com\/en\/wp-json\/wp\/v2\/posts\/307835\/revisions"}],"wp:featuredmedia":[{"embeddable":true,"href":"https:\/\/www.nahrungsmittel-intoleranz.com\/en\/wp-json\/wp\/v2\/media\/307656"}],"wp:attachment":[{"href":"https:\/\/www.nahrungsmittel-intoleranz.com\/en\/wp-json\/wp\/v2\/media?parent=307835"}],"wp:term":[{"taxonomy":"category","embeddable":true,"href":"https:\/\/www.nahrungsmittel-intoleranz.com\/en\/wp-json\/wp\/v2\/categories?post=307835"},{"taxonomy":"post_tag","embeddable":true,"href":"https:\/\/www.nahrungsmittel-intoleranz.com\/en\/wp-json\/wp\/v2\/tags?post=307835"}],"curies":[{"name":"wp","href":"https:\/\/api.w.org\/{rel}","templated":true}]}}